{"id":821,"date":"2021-03-17T12:03:48","date_gmt":"2021-03-17T12:03:48","guid":{"rendered":"http:\/\/www.migrationist.com\/wp\/?p=821"},"modified":"2021-03-17T12:11:16","modified_gmt":"2021-03-17T12:11:16","slug":"petricor-el-aroma-de-la-lluvia","status":"publish","type":"post","link":"https:\/\/www.migrationist.com\/wp\/petricor-el-aroma-de-la-lluvia\/","title":{"rendered":"Petricor, el aroma de la lluvia"},"content":{"rendered":"<p>Las medidas de distanciamiento f\u00edsico implementadas para contener la transmisi\u00f3n de la covid y el uso de mascarilla han supuesto un<span style=\"color: #000000;\"><strong> cambio brusco en el r\u00e9gimen sensorial<\/strong> <\/span>de muchas de nosotras. La sensorialidad de nuestro d\u00eda a d\u00eda se ha visto abruptamente modificada, llev\u00e1ndonos en ocasiones y sobre todo al principio a un malestar corporal, un no saber c\u00f3mo comportarnos, que se sent\u00eda en el cuerpo. \u00bfOs acord\u00e1is de c\u00f3mo os sent\u00edais al no saludar o despedirnos sin darnos besos, abrazos o apretones de manos? La inicial incomodidad corporal era consecuencia del cambio abrupto en un ritual corporal que ten\u00edamos internalizado, que nuestro cuerpo <em>sab\u00eda<\/em> y <em>hac\u00eda<\/em> sin pensar. La extra\u00f1eza pon\u00eda de manifiesto todo ese saber no articulado y dif\u00edcilmente articulable que reside en el cuerpo (como montar en bicicleta) sobre el que de repente debido al cambio r\u00e1pido impuesto adquir\u00edamos consciencia.<\/p>\n<p>Los sonidos de la voz humana se amortiguan con la mascarilla, quienes llevan gafas con la mascarilla sin lugar a dudas ven limitada su visibilidad, a trav\u00e9s de las gafas enteladas con el aliento los colores seguramente se perciben menos brillantes, el sentido del tacto, fuente de placer se ha convertido ahora en una fuente de riesgo a evitar. Hace poco sal\u00eda un art\u00edculo period\u00edstico que apuntaba a la importancia del tacto en la sociabilidad humana (<a href=\"https:\/\/www.theguardian.com\/lifeandstyle\/2021\/feb\/28\/the-power-of-touch-is-this-the-sense-we-have-missed-most\" target=\"_blank\" rel=\"noopener noreferrer\">pod\u00e9is leerlo aqu\u00ed, esta en ingl\u00e9s<\/a>).<\/p>\n<p>Pero sobre todo el <strong>olor<\/strong> se ha visto modificado. La mascarilla a\u00f1ade una capa sobre la nariz y limita un sentido al que normalmente no prestamos mucha atenci\u00f3n a pesar de su ubicuidad (o tal vez por ella). De hecho hay muy pocas palabras en el idioma espa\u00f1ol para definir espec\u00edficamente un olor. Tenemos que recurrir a comparaciones \u201chuele como o huele a\u201d. Si lo comparamos con la ingente cantidad de palabras para definir colores es muy f\u00e1cil situar la importancia que le damos a lo visual y a lo olfativo en nuestro contexto.<\/p>\n<p><strong>Petricor<\/strong> es una de las pocas palabras que existen en castellano para hace referencia directa a un olor, el olor de la tierra mojada despu\u00e9s de llover. Petricor, el aroma de la lluvia, t\u00e9rmino que proviene del griego, <em>petra<\/em>-piedra y <em>ikhor<\/em>-l\u00edquido que fluye por las venas de los dioses<a href=\"#_ftn1\" name=\"_ftnref1\">[1]<\/a>. Recuerdo ese olor, el olor de jara mojada cuando abr\u00edamos r\u00e1pidamente las ventanillas del coche al llegar al pueblo castellano de mi madre para las vacaciones en verano. Probablemente nunca, o muy pocas veces ol\u00ed f\u00edsicamente ese olor, ya que agosto en Zamora no suele caracterizarse por lluvias. Ese es uno de los atributos del olor, su capacidad para emanar, re-crear experiencias pasadas de una manera sensorial. La famosa madalena de Proust.<\/p>\n<p>Otra lluvia memorable tuvo lugar a muchos kil\u00f3metros de distancia, con un oc\u00e9ano de por medio, en los Andes ecuatorianos en la estaci\u00f3n seca, cuando tras muchos d\u00edas se sequ\u00eda en la que llov\u00edan cenizas debido a las quemas de los restos de la ca\u00f1a de az\u00facar tras la zafra y sin agua corriente, de repente empez\u00f3 a llover muy fuerte. Ha sido sin lugar a dudas el petricor que m\u00e1s me ha gustado, y la mejor ducha de mi vida!<\/p>\n<p><a href=\"http:\/\/www.migrationist.com\/wp\/wp-content\/uploads\/2021\/03\/Lluvia_Lucero.jpg\"><img loading=\"lazy\" decoding=\"async\" class=\"aligncenter size-medium wp-image-822\" src=\"http:\/\/www.migrationist.com\/wp\/wp-content\/uploads\/2021\/03\/Lluvia_Lucero-335x300.jpg\" alt=\"\" width=\"335\" height=\"300\" srcset=\"https:\/\/www.migrationist.com\/wp\/wp-content\/uploads\/2021\/03\/Lluvia_Lucero-335x300.jpg 335w, https:\/\/www.migrationist.com\/wp\/wp-content\/uploads\/2021\/03\/Lluvia_Lucero-1024x917.jpg 1024w, https:\/\/www.migrationist.com\/wp\/wp-content\/uploads\/2021\/03\/Lluvia_Lucero-768x688.jpg 768w, https:\/\/www.migrationist.com\/wp\/wp-content\/uploads\/2021\/03\/Lluvia_Lucero-1536x1376.jpg 1536w, https:\/\/www.migrationist.com\/wp\/wp-content\/uploads\/2021\/03\/Lluvia_Lucero-624x559.jpg 624w, https:\/\/www.migrationist.com\/wp\/wp-content\/uploads\/2021\/03\/Lluvia_Lucero.jpg 1649w\" sizes=\"auto, (max-width: 335px) 100vw, 335px\" \/><\/a><\/p>\n<p><a href=\"#_ftnref1\" name=\"_ftn1\">[1]<\/a> <span style=\"color: #808080;\"><em>A<span class=\"d2edcug0 hpfvmrgz qv66sw1b c1et5uql rrkovp55 a8c37x1j keod5gw0 nxhoafnm aigsh9s9 d3f4x2em fe6kdd0r mau55g9w c8b282yb iv3no6db jq4qci2q a3bd9o3v knj5qynh oo9gr5id hzawbc8m\" dir=\"auto\">unque para ser precisas, hay que decir que es una invenci\u00f3n ling\u00fc\u00edstica hecha por ge\u00f3logos en la d\u00e9cada de 1940, originalmente en ingl\u00e9s pero actualmente en consideraci\u00f3n por la RAE para ser includia en el diccionario.<\/span><\/em><\/span><\/p>\n","protected":false},"excerpt":{"rendered":"<p>Las medidas de distanciamiento f\u00edsico implementadas para contener la transmisi\u00f3n de la covid y el uso de mascarilla han supuesto un cambio brusco en el r\u00e9gimen sensorial de muchas de nosotras. La sensorialidad de nuestro d\u00eda a d\u00eda se ha visto abruptamente modificada, llev\u00e1ndonos en ocasiones y sobre todo al principio a un malestar corporal, [&hellip;]<\/p>\n","protected":false},"author":1,"featured_media":0,"comment_status":"closed","ping_status":"open","sticky":false,"template":"","format":"standard","meta":{"footnotes":""},"categories":[1],"tags":[70,57,19],"class_list":["post-821","post","type-post","status-publish","format-standard","hentry","category-uncategorized","tag-covid","tag-senses","tag-smell"],"_links":{"self":[{"href":"https:\/\/www.migrationist.com\/wp\/wp-json\/wp\/v2\/posts\/821","targetHints":{"allow":["GET"]}}],"collection":[{"href":"https:\/\/www.migrationist.com\/wp\/wp-json\/wp\/v2\/posts"}],"about":[{"href":"https:\/\/www.migrationist.com\/wp\/wp-json\/wp\/v2\/types\/post"}],"author":[{"embeddable":true,"href":"https:\/\/www.migrationist.com\/wp\/wp-json\/wp\/v2\/users\/1"}],"replies":[{"embeddable":true,"href":"https:\/\/www.migrationist.com\/wp\/wp-json\/wp\/v2\/comments?post=821"}],"version-history":[{"count":5,"href":"https:\/\/www.migrationist.com\/wp\/wp-json\/wp\/v2\/posts\/821\/revisions"}],"predecessor-version":[{"id":828,"href":"https:\/\/www.migrationist.com\/wp\/wp-json\/wp\/v2\/posts\/821\/revisions\/828"}],"wp:attachment":[{"href":"https:\/\/www.migrationist.com\/wp\/wp-json\/wp\/v2\/media?parent=821"}],"wp:term":[{"taxonomy":"category","embeddable":true,"href":"https:\/\/www.migrationist.com\/wp\/wp-json\/wp\/v2\/categories?post=821"},{"taxonomy":"post_tag","embeddable":true,"href":"https:\/\/www.migrationist.com\/wp\/wp-json\/wp\/v2\/tags?post=821"}],"curies":[{"name":"wp","href":"https:\/\/api.w.org\/{rel}","templated":true}]}}